{"id":4181,"date":"2023-09-20T15:43:52","date_gmt":"2023-09-20T13:43:52","guid":{"rendered":"https:\/\/reyns-advocaten.be\/nils-verschaeren\/"},"modified":"2025-12-16T09:49:25","modified_gmt":"2025-12-16T08:49:25","slug":"nils-verschaeren","status":"publish","type":"post","link":"https:\/\/reyns-advocaten.be\/fr\/nils-verschaeren\/","title":{"rendered":"Nils Verschaeren"},"content":{"rendered":"<div class=\"wi-block-team-header\" >\n    <div class=\"header-container\">\n        <div class=\"header-inner\">\n            <div class=\"image-container\">\n                                <img decoding=\"async\" src=\"https:\/\/reyns-advocaten.be\/wp-content\/uploads\/2023\/09\/nils.jpg\" alt=\"Reyns advocaten Nils Verschaeren\">\n                            <\/div>\n            <div class=\"content\">\n                <div class=\"member-title\">\n                    <h1 class=\"\">Nils Verschaeren<\/h1>\n                                        <h2>Partner<\/h2>\n                                    <\/div>\n                                <div class=\"contact\">\n                                        <div class=\"contact-item\">\n                        <i class=\"fa fa-envelope\" aria-hidden=\"true\"><\/i>\n                        <a href=\"mailto:nv@reyns-advocaten.com\">nv@reyns-advocaten.com<\/a>\n                    <\/div>\n                                                                                <div class=\"contact-item\">\n                        <i class=\"fa fa-linkedin\" aria-hidden=\"true\"><\/i>\n                        <a href=\"https:\/\/www.linkedin.com\/in\/nils-verschaeren-69803059\/\" target=\"_blank\">Nils Verschaeren<\/a>\n                    <\/div>\n                                    <\/div>\n                            <\/div>\n        <\/div>\n                <div class=\"expertises\">\n                <h3>Expertise<\/h3>\n            <div class=\"expertises-container\">\n                                                                <div class=\"expertise-container\">\n                    <div class=\"expertise-image-container\">\n                        <img decoding=\"async\" src=\"https:\/\/reyns-advocaten.be\/wp-content\/uploads\/2023\/09\/4214C8FD-EDD2-4295-86EC-6768497E3F9A_1_201_a.jpeg\" alt=\"\">\n                    <\/div>\n                    <div class=\"expertise-content\">\n                        <h4 style=\"color: #577b96\">Entreprises<\/h4>\n                    <\/div>\n                    <a href=\"https:\/\/reyns-advocaten.be\/fr\/entreprises\/\" class=\"full-link\"><\/a>\n                <\/div>\n                                                                <div class=\"expertise-container\">\n                    <div class=\"expertise-image-container\">\n                        <img decoding=\"async\" src=\"https:\/\/reyns-advocaten.be\/wp-content\/uploads\/2023\/09\/227AE4BD-FC56-4F6A-B0E3-FEE62FABBF71_1_201_a.jpeg\" alt=\"\">\n                    <\/div>\n                    <div class=\"expertise-content\">\n                        <h4 style=\"color: #acb991\">Insolvabilit\u00e9<\/h4>\n                    <\/div>\n                    <a href=\"https:\/\/reyns-advocaten.be\/fr\/insolvabilite\/\" class=\"full-link\"><\/a>\n                <\/div>\n                            <\/div>\n        <\/div>\n            <\/div>\n<\/div>\n\n\n\n<div style=\"height:120px\" aria-hidden=\"true\" class=\"wp-block-spacer\"><\/div>\n\n\n\n<div class=\"wp-block-columns medium-container is-layout-flex wp-container-core-columns-is-layout-9d6595d7 wp-block-columns-is-layout-flex\">\n<div class=\"wp-block-column is-layout-flow wp-block-column-is-layout-flow\">\n<h3 class=\"wp-block-heading\" style=\"text-transform:uppercase\">FORMATION<\/h3>\n\n\n\n<p>A obtenu un Master of Laws, avec distinction, \u00e0 l&rsquo;Universit\u00e9 de Gand en 2009.<\/p>\n\n\n\n<p>S&rsquo;est ensuite sp\u00e9cialis\u00e9 en droit des soci\u00e9t\u00e9s et a obtenu le dipl\u00f4me de Master in Corporate Law \u00e0 l&rsquo;Universit\u00e9 d&rsquo;Anvers en juin 2013, avec distinction.<\/p>\n\n\n\n<p>A suivi le cours de troisi\u00e8me cycle Curateur-Secr\u00e9taire \u00e0 la K.U. Leuven en 2018.<\/p>\n\n\n\n<h3 class=\"wp-block-heading\" style=\"text-transform:uppercase\">PUBLICATIONS<\/h3>\n\n\n\n<p>VERSCHAEREN, N., \u00ab Wijze van deelname aan stemming (art. XX.78 WER) \u00bb, TIBR 2020, no. 2, 42-47.<\/p>\n\n\n\n<p>N. VERSCHAEREN, \u00abRECHTSPRAAK : Gerechtelijke reorganisatie \u2013 Onbetaalde verhuurder \u2013 Buitengewone schuldeiser in de opschorting &#8211; Art. I.22, 14\u00b0 WER \u00ab , TIBR 2023, n\u00b0 2, 3-7.<\/p>\n\n\n\n<h3 class=\"wp-block-heading\" style=\"text-transform:uppercase\">langues<\/h3>\n\n\n\n<p>Il est n\u00e9erlandophone et travaille \u00e9galement en anglais et en fran\u00e7ais.<\/p>\n<\/div>\n\n\n\n<div class=\"wp-block-column is-layout-flow wp-block-column-is-layout-flow\">\n<h3 class=\"wp-block-heading\" style=\"text-transform:uppercase\">BARREAU<\/h3>\n\n\n\n<p>A \u00e9t\u00e9 actif au sein du Barreau de Gand pendant la p\u00e9riode 2009-2010. A acquis de l&rsquo;exp\u00e9rience dans le secteur des assurances chez Marsh &amp; McLennan avant de rejoindre le Barreau de Termonde en 2011.<\/p>\n\n\n\n<h3 class=\"wp-block-heading\" style=\"text-transform:uppercase\">Mandats<\/h3>\n\n\n\n<p>Il est curateur aupr\u00e8s du Tribunal de l&rsquo;entreprise de Gand.<\/p>\n\n\n\n<h3 class=\"wp-block-heading\" style=\"text-transform:uppercase\">AFFILIATIONS<\/h3>\n\n\n\n<p>Membre de Jong VOKA.<\/p>\n\n\n\n<div class=\"wp-block-buttons is-layout-flex wp-block-buttons-is-layout-flex\"><\/div>\n<\/div>\n<\/div>\n\n\n\n<div style=\"height:120px\" aria-hidden=\"true\" class=\"wp-block-spacer\"><\/div>\n","protected":false},"excerpt":{"rendered":"<p>FORMATION A obtenu un Master of Laws, avec distinction, \u00e0 l&rsquo;Universit\u00e9 de Gand en 2009. S&rsquo;est ensuite sp\u00e9cialis\u00e9 en droit des soci\u00e9t\u00e9s et a obtenu le dipl\u00f4me de Master in Corporate Law \u00e0 l&rsquo;Universit\u00e9 d&rsquo;Anvers en juin 2013, avec distinction. A suivi le cours de troisi\u00e8me cycle Curateur-Secr\u00e9taire \u00e0 la K.U. Leuven en 2018. PUBLICATIONS [&hellip;]<\/p>\n","protected":false},"author":3,"featured_media":7006,"comment_status":"closed","ping_status":"closed","sticky":false,"template":"","format":"standard","meta":{"_acf_changed":false,"om_disable_all_campaigns":false,"_monsterinsights_skip_tracking":false,"_monsterinsights_sitenote_active":false,"_monsterinsights_sitenote_note":"","_monsterinsights_sitenote_category":0,"footnotes":""},"categories":[33,29],"tags":[],"class_list":["post-4181","post","type-post","status-publish","format-standard","has-post-thumbnail","hentry","category-advocaten-fr","category-equipe"],"pp_statuses_selecting_workflow":false,"pp_workflow_action":"current","pp_status_selection":"publish","acf":[],"aioseo_notices":[],"_links":{"self":[{"href":"https:\/\/reyns-advocaten.be\/fr\/wp-json\/wp\/v2\/posts\/4181","targetHints":{"allow":["GET"]}}],"collection":[{"href":"https:\/\/reyns-advocaten.be\/fr\/wp-json\/wp\/v2\/posts"}],"about":[{"href":"https:\/\/reyns-advocaten.be\/fr\/wp-json\/wp\/v2\/types\/post"}],"author":[{"embeddable":true,"href":"https:\/\/reyns-advocaten.be\/fr\/wp-json\/wp\/v2\/users\/3"}],"replies":[{"embeddable":true,"href":"https:\/\/reyns-advocaten.be\/fr\/wp-json\/wp\/v2\/comments?post=4181"}],"version-history":[{"count":0,"href":"https:\/\/reyns-advocaten.be\/fr\/wp-json\/wp\/v2\/posts\/4181\/revisions"}],"wp:featuredmedia":[{"embeddable":true,"href":"https:\/\/reyns-advocaten.be\/fr\/wp-json\/wp\/v2\/media\/7006"}],"wp:attachment":[{"href":"https:\/\/reyns-advocaten.be\/fr\/wp-json\/wp\/v2\/media?parent=4181"}],"wp:term":[{"taxonomy":"category","embeddable":true,"href":"https:\/\/reyns-advocaten.be\/fr\/wp-json\/wp\/v2\/categories?post=4181"},{"taxonomy":"post_tag","embeddable":true,"href":"https:\/\/reyns-advocaten.be\/fr\/wp-json\/wp\/v2\/tags?post=4181"}],"curies":[{"name":"wp","href":"https:\/\/api.w.org\/{rel}","templated":true}]}}