{"id":4195,"date":"2023-09-20T16:00:26","date_gmt":"2023-09-20T14:00:26","guid":{"rendered":"https:\/\/reyns-advocaten.be\/tom-cielen\/"},"modified":"2025-02-26T14:23:15","modified_gmt":"2025-02-26T13:23:15","slug":"tom-cielen","status":"publish","type":"post","link":"https:\/\/reyns-advocaten.be\/fr\/tom-cielen\/","title":{"rendered":"Tom Cielen"},"content":{"rendered":"<div class=\"wi-block-team-header\" >\n    <div class=\"header-container\">\n        <div class=\"header-inner\">\n            <div class=\"image-container\">\n                                <img decoding=\"async\" src=\"https:\/\/reyns-advocaten.be\/wp-content\/uploads\/2023\/09\/TomCielen-1.jpg\" alt=\"\">\n                            <\/div>\n            <div class=\"content\">\n                <div class=\"member-title\">\n                    <h1 class=\"\">Tom Cielen<\/h1>\n                                        <h2>Partner<\/h2>\n                                    <\/div>\n                                <div class=\"contact\">\n                                        <div class=\"contact-item\">\n                        <i class=\"fa fa-envelope\" aria-hidden=\"true\"><\/i>\n                        <a href=\"mailto:tc@reyns-advocaten.com\">tc@reyns-advocaten.com<\/a>\n                    <\/div>\n                                                                                <div class=\"contact-item\">\n                        <i class=\"fa fa-linkedin\" aria-hidden=\"true\"><\/i>\n                        <a href=\"https:\/\/be.linkedin.com\/in\/tom-cielen-7158b982\" target=\"_blank\">Tom Cielen<\/a>\n                    <\/div>\n                                    <\/div>\n                            <\/div>\n        <\/div>\n                <div class=\"expertises\">\n                <h3>Expertise<\/h3>\n            <div class=\"expertises-container\">\n                                                                <div class=\"expertise-container\">\n                    <div class=\"expertise-image-container\">\n                        <img decoding=\"async\" src=\"https:\/\/reyns-advocaten.be\/wp-content\/uploads\/2023\/09\/4214C8FD-EDD2-4295-86EC-6768497E3F9A_1_201_a.jpeg\" alt=\"\">\n                    <\/div>\n                    <div class=\"expertise-content\">\n                        <h4 style=\"color: #577b96\">Entreprises<\/h4>\n                    <\/div>\n                    <a href=\"https:\/\/reyns-advocaten.be\/fr\/entreprises\/\" class=\"full-link\"><\/a>\n                <\/div>\n                                                                <div class=\"expertise-container\">\n                    <div class=\"expertise-image-container\">\n                        <img decoding=\"async\" src=\"https:\/\/reyns-advocaten.be\/wp-content\/uploads\/2023\/09\/996CF90F-215B-4BD0-ACF9-5AF3FC9A9DC9_1_201_a.jpeg\" alt=\"\">\n                    <\/div>\n                    <div class=\"expertise-content\">\n                        <h4 style=\"color: #903628\">Droit p\u00e9nal et responsabilit\u00e9s<\/h4>\n                    <\/div>\n                    <a href=\"https:\/\/reyns-advocaten.be\/fr\/droit-penal-et-responsabilites\/\" class=\"full-link\"><\/a>\n                <\/div>\n                                                                <div class=\"expertise-container\">\n                    <div class=\"expertise-image-container\">\n                        <img decoding=\"async\" src=\"https:\/\/reyns-advocaten.be\/wp-content\/uploads\/2023\/09\/8C683CD0-8E17-4B16-9387-08670C5BD900_1_201_a.jpeg\" alt=\"\">\n                    <\/div>\n                    <div class=\"expertise-content\">\n                        <h4 style=\"color: #466657\">Soci\u00e9t\u00e9s et Fusions &amp; Acquisitions<\/h4>\n                    <\/div>\n                    <a href=\"https:\/\/reyns-advocaten.be\/fr\/societes-et-fusions-acquisitions\/\" class=\"full-link\"><\/a>\n                <\/div>\n                                                                <div class=\"expertise-container\">\n                    <div class=\"expertise-image-container\">\n                        <img decoding=\"async\" src=\"https:\/\/reyns-advocaten.be\/wp-content\/uploads\/2023\/09\/F61F3110-D364-4FE6-8258-7DB2A735313A_1_201_a.jpeg\" alt=\"\">\n                    <\/div>\n                    <div class=\"expertise-content\">\n                        <h4 style=\"color: #9b8264\">PI, TIC ET RGPD<\/h4>\n                    <\/div>\n                    <a href=\"https:\/\/reyns-advocaten.be\/fr\/ip-ict-gdpr\/\" class=\"full-link\"><\/a>\n                <\/div>\n                            <\/div>\n        <\/div>\n            <\/div>\n<\/div>\n\n\n\n<div style=\"height:120px\" aria-hidden=\"true\" class=\"wp-block-spacer\"><\/div>\n\n\n\n<div class=\"wp-block-columns medium-container is-layout-flex wp-container-core-columns-is-layout-9d6595d7 wp-block-columns-is-layout-flex\">\n<div class=\"wp-block-column is-layout-flow wp-block-column-is-layout-flow\">\n<h3 class=\"wp-block-heading\" style=\"text-transform:uppercase\">FORMATION<\/h3>\n\n\n\n<p>Il a obtenu une licence en droit \u00e0 l&rsquo;U.I. Antwerpen en 1995. Depuis janvier 2017, il est \u00e9galement titulaire d&rsquo;un certificat de formation aux proc\u00e9dures de cassation en mati\u00e8re p\u00e9nale.<\/p>\n\n\n\n<h3 class=\"wp-block-heading\" style=\"text-transform:uppercase\">LANGUES<\/h3>\n\n\n\n<p>Il est n\u00e9erlandophone et travaille \u00e9galement en anglais et en fran\u00e7ais.<\/p>\n<\/div>\n\n\n\n<div class=\"wp-block-column is-layout-flow wp-block-column-is-layout-flow\">\n<h3 class=\"wp-block-heading\" style=\"text-transform:uppercase\">BARREAU<\/h3>\n\n\n\n<p>Il a \u00e9t\u00e9 actif au barreau d&rsquo;Anvers entre 1995 et 1999. Il est avocat au barreau de Termonde depuis 2000.<\/p>\n<\/div>\n<\/div>\n\n\n\n<div style=\"height:120px\" aria-hidden=\"true\" class=\"wp-block-spacer\"><\/div>\n","protected":false},"excerpt":{"rendered":"<p>FORMATION Il a obtenu une licence en droit \u00e0 l&rsquo;U.I. Antwerpen en 1995. Depuis janvier 2017, il est \u00e9galement titulaire d&rsquo;un certificat de formation aux proc\u00e9dures de cassation en mati\u00e8re p\u00e9nale. LANGUES Il est n\u00e9erlandophone et travaille \u00e9galement en anglais et en fran\u00e7ais. BARREAU Il a \u00e9t\u00e9 actif au barreau d&rsquo;Anvers entre 1995 et 1999. [&hellip;]<\/p>\n","protected":false},"author":3,"featured_media":3218,"comment_status":"closed","ping_status":"closed","sticky":false,"template":"","format":"standard","meta":{"_acf_changed":false,"om_disable_all_campaigns":false,"_monsterinsights_skip_tracking":false,"_monsterinsights_sitenote_active":false,"_monsterinsights_sitenote_note":"","_monsterinsights_sitenote_category":0,"footnotes":""},"categories":[33,29],"tags":[],"class_list":["post-4195","post","type-post","status-publish","format-standard","has-post-thumbnail","hentry","category-advocaten-fr","category-equipe"],"pp_statuses_selecting_workflow":false,"pp_workflow_action":"current","pp_status_selection":"publish","acf":[],"aioseo_notices":[],"_links":{"self":[{"href":"https:\/\/reyns-advocaten.be\/fr\/wp-json\/wp\/v2\/posts\/4195","targetHints":{"allow":["GET"]}}],"collection":[{"href":"https:\/\/reyns-advocaten.be\/fr\/wp-json\/wp\/v2\/posts"}],"about":[{"href":"https:\/\/reyns-advocaten.be\/fr\/wp-json\/wp\/v2\/types\/post"}],"author":[{"embeddable":true,"href":"https:\/\/reyns-advocaten.be\/fr\/wp-json\/wp\/v2\/users\/3"}],"replies":[{"embeddable":true,"href":"https:\/\/reyns-advocaten.be\/fr\/wp-json\/wp\/v2\/comments?post=4195"}],"version-history":[{"count":0,"href":"https:\/\/reyns-advocaten.be\/fr\/wp-json\/wp\/v2\/posts\/4195\/revisions"}],"wp:featuredmedia":[{"embeddable":true,"href":"https:\/\/reyns-advocaten.be\/fr\/wp-json\/wp\/v2\/media\/3218"}],"wp:attachment":[{"href":"https:\/\/reyns-advocaten.be\/fr\/wp-json\/wp\/v2\/media?parent=4195"}],"wp:term":[{"taxonomy":"category","embeddable":true,"href":"https:\/\/reyns-advocaten.be\/fr\/wp-json\/wp\/v2\/categories?post=4195"},{"taxonomy":"post_tag","embeddable":true,"href":"https:\/\/reyns-advocaten.be\/fr\/wp-json\/wp\/v2\/tags?post=4195"}],"curies":[{"name":"wp","href":"https:\/\/api.w.org\/{rel}","templated":true}]}}