{"id":4338,"date":"2023-09-21T00:18:43","date_gmt":"2023-09-20T22:18:43","guid":{"rendered":"https:\/\/reyns-advocaten.be\/christel-pauwels\/"},"modified":"2025-02-26T15:05:42","modified_gmt":"2025-02-26T14:05:42","slug":"christel-pauwels","status":"publish","type":"post","link":"https:\/\/reyns-advocaten.be\/fr\/christel-pauwels\/","title":{"rendered":"Christel Pauwels"},"content":{"rendered":"<div class=\"wi-block-team-header\" style=\"margin-bottom: 0;\">\n    <div class=\"header-container\">\n        <div class=\"header-inner\">\n            <div class=\"image-container\">\n                                <img decoding=\"async\" src=\"https:\/\/reyns-advocaten.be\/wp-content\/uploads\/2023\/09\/ChristelPauwels.jpg\" alt=\"\">\n                            <\/div>\n            <div class=\"content\">\n                <div class=\"member-title\">\n                    <h1 class=\"\">Christel Pauwels<\/h1>\n                                        <h2>Assistant Cell Insolvency<\/h2>\n                                    <\/div>\n                            <\/div>\n        <\/div>\n            <\/div>\n<\/div>\n\n\n\n<div style=\"height:120px\" aria-hidden=\"true\" class=\"wp-block-spacer\"><\/div>\n\n\n\n<div class=\"wp-block-columns medium-container is-layout-flex wp-container-core-columns-is-layout-9d6595d7 wp-block-columns-is-layout-flex\">\n<div class=\"wp-block-column is-layout-flow wp-block-column-is-layout-flow\">\n<h3 class=\"wp-block-heading\" style=\"text-transform:uppercase\">EXP\u00c9RIENCE<\/h3>\n\n\n\n<p>A acquis une vaste exp\u00e9rience dans l&rsquo;administration juridique au sein d&rsquo;autres cabinets.<\/p>\n<\/div>\n\n\n\n<div class=\"wp-block-column is-layout-flow wp-block-column-is-layout-flow\">\n<h3 class=\"wp-block-heading\" style=\"text-transform:uppercase\">RESPONSABLE DE<\/h3>\n\n\n\n<p>Christel soutient les avocats-curateurs et s&rsquo;occupe du suivi administratif de tous les dossiers d&rsquo;insolvabilit\u00e9 de A \u00e0 Z. Elle est votre premier point de contact au sein de l&rsquo;\u00e9quipe Insolvabilit\u00e9.<\/p>\n<\/div>\n<\/div>\n\n\n\n<div style=\"height:120px\" aria-hidden=\"true\" class=\"wp-block-spacer\"><\/div>\n","protected":false},"excerpt":{"rendered":"<p>EXP\u00c9RIENCE A acquis une vaste exp\u00e9rience dans l&rsquo;administration juridique au sein d&rsquo;autres cabinets. RESPONSABLE DE Christel soutient les avocats-curateurs et s&rsquo;occupe du suivi administratif de tous les dossiers d&rsquo;insolvabilit\u00e9 de A \u00e0 Z. Elle est votre premier point de contact au sein de l&rsquo;\u00e9quipe Insolvabilit\u00e9.<\/p>\n","protected":false},"author":3,"featured_media":3292,"comment_status":"closed","ping_status":"closed","sticky":false,"template":"","format":"standard","meta":{"_acf_changed":false,"om_disable_all_campaigns":false,"_monsterinsights_skip_tracking":false,"_monsterinsights_sitenote_active":false,"_monsterinsights_sitenote_note":"","_monsterinsights_sitenote_category":0,"footnotes":""},"categories":[31,29],"tags":[],"class_list":["post-4338","post","type-post","status-publish","format-standard","has-post-thumbnail","hentry","category-administratie-fr","category-equipe"],"pp_statuses_selecting_workflow":false,"pp_workflow_action":"current","pp_status_selection":"publish","acf":[],"aioseo_notices":[],"_links":{"self":[{"href":"https:\/\/reyns-advocaten.be\/fr\/wp-json\/wp\/v2\/posts\/4338","targetHints":{"allow":["GET"]}}],"collection":[{"href":"https:\/\/reyns-advocaten.be\/fr\/wp-json\/wp\/v2\/posts"}],"about":[{"href":"https:\/\/reyns-advocaten.be\/fr\/wp-json\/wp\/v2\/types\/post"}],"author":[{"embeddable":true,"href":"https:\/\/reyns-advocaten.be\/fr\/wp-json\/wp\/v2\/users\/3"}],"replies":[{"embeddable":true,"href":"https:\/\/reyns-advocaten.be\/fr\/wp-json\/wp\/v2\/comments?post=4338"}],"version-history":[{"count":0,"href":"https:\/\/reyns-advocaten.be\/fr\/wp-json\/wp\/v2\/posts\/4338\/revisions"}],"wp:featuredmedia":[{"embeddable":true,"href":"https:\/\/reyns-advocaten.be\/fr\/wp-json\/wp\/v2\/media\/3292"}],"wp:attachment":[{"href":"https:\/\/reyns-advocaten.be\/fr\/wp-json\/wp\/v2\/media?parent=4338"}],"wp:term":[{"taxonomy":"category","embeddable":true,"href":"https:\/\/reyns-advocaten.be\/fr\/wp-json\/wp\/v2\/categories?post=4338"},{"taxonomy":"post_tag","embeddable":true,"href":"https:\/\/reyns-advocaten.be\/fr\/wp-json\/wp\/v2\/tags?post=4338"}],"curies":[{"name":"wp","href":"https:\/\/api.w.org\/{rel}","templated":true}]}}