{"id":4344,"date":"2023-09-21T00:20:24","date_gmt":"2023-09-20T22:20:24","guid":{"rendered":"https:\/\/reyns-advocaten.be\/hajar-abidar\/"},"modified":"2025-02-26T15:02:40","modified_gmt":"2025-02-26T14:02:40","slug":"bruno-pepermans","status":"publish","type":"post","link":"https:\/\/reyns-advocaten.be\/fr\/bruno-pepermans\/","title":{"rendered":"Bruno Pepermans"},"content":{"rendered":"<div class=\"wi-block-team-header\" style=\"margin-bottom: 0;\">\n    <div class=\"header-container\">\n        <div class=\"header-inner\">\n            <div class=\"image-container\">\n                                <img decoding=\"async\" src=\"https:\/\/reyns-advocaten.be\/wp-content\/uploads\/2023\/09\/2022_Reyns-individuele-fotos-website_Bruno.jpg\" alt=\"\">\n                            <\/div>\n            <div class=\"content\">\n                <div class=\"member-title\">\n                    <h1 class=\"\">Bruno Pepermans<\/h1>\n                                        <h2>Operations Manager<\/h2>\n                                    <\/div>\n                                <div class=\"contact\">\n                                        <div class=\"contact-item\">\n                        <i class=\"fa fa-envelope\" aria-hidden=\"true\"><\/i>\n                        <a href=\"mailto:bp@reyns-advocaten.com\">bp@reyns-advocaten.com<\/a>\n                    <\/div>\n                                                                                <div class=\"contact-item\">\n                        <i class=\"fa fa-linkedin\" aria-hidden=\"true\"><\/i>\n                        <a href=\"https:\/\/www.linkedin.com\/in\/bruno-pepermans-3949934\/\" target=\"_blank\">Bruno Pepermans<\/a>\n                    <\/div>\n                                    <\/div>\n                            <\/div>\n        <\/div>\n            <\/div>\n<\/div>\n\n\n\n<div style=\"height:120px\" aria-hidden=\"true\" class=\"wp-block-spacer\"><\/div>\n\n\n\n<div class=\"wp-block-columns medium-container is-layout-flex wp-container-core-columns-is-layout-9d6595d7 wp-block-columns-is-layout-flex\">\n<div class=\"wp-block-column is-layout-flow wp-block-column-is-layout-flow\">\n<h3 class=\"wp-block-heading\" style=\"text-transform:uppercase\">EXP\u00c9RIENCE<\/h3>\n\n\n\n<p>Il poss\u00e8de 25 ans d&rsquo;exp\u00e9rience professionnelle dans diverses entreprises et industries, tant au niveau national qu&rsquo;international. Son expertise va au-del\u00e0 de la gestion g\u00e9n\u00e9rale, avec une attention et un int\u00e9r\u00eat particuliers pour les aspects financiers, op\u00e9rationnels, commerciaux et humains des entreprises.<\/p>\n<\/div>\n\n\n\n<div class=\"wp-block-column is-layout-flow wp-block-column-is-layout-flow\">\n<h3 class=\"wp-block-heading\" style=\"text-transform:uppercase\">RESPONSABLE DE<\/h3>\n\n\n\n<p>Bruno est responsable du fonctionnement op\u00e9rationnel global du bureau, supervisant tous les processus quotidiens et veillant \u00e0 l&rsquo;utilisation efficace des ressources. Il optimise les flux de travail et coordonne les activit\u00e9s internes pour assurer le bon d\u00e9roulement des op\u00e9rations.<\/p>\n<\/div>\n<\/div>\n\n\n\n<div style=\"height:120px\" aria-hidden=\"true\" class=\"wp-block-spacer\"><\/div>\n","protected":false},"excerpt":{"rendered":"<p>EXP\u00c9RIENCE Il poss\u00e8de 25 ans d&rsquo;exp\u00e9rience professionnelle dans diverses entreprises et industries, tant au niveau national qu&rsquo;international. Son expertise va au-del\u00e0 de la gestion g\u00e9n\u00e9rale, avec une attention et un int\u00e9r\u00eat particuliers pour les aspects financiers, op\u00e9rationnels, commerciaux et humains des entreprises. RESPONSABLE DE Bruno est responsable du fonctionnement op\u00e9rationnel global du bureau, supervisant tous [&hellip;]<\/p>\n","protected":false},"author":3,"featured_media":5106,"comment_status":"closed","ping_status":"closed","sticky":false,"template":"","format":"standard","meta":{"_acf_changed":false,"om_disable_all_campaigns":false,"_monsterinsights_skip_tracking":false,"_monsterinsights_sitenote_active":false,"_monsterinsights_sitenote_note":"","_monsterinsights_sitenote_category":0,"footnotes":""},"categories":[31,29],"tags":[],"class_list":["post-4344","post","type-post","status-publish","format-standard","has-post-thumbnail","hentry","category-administratie-fr","category-equipe"],"pp_statuses_selecting_workflow":false,"pp_workflow_action":"current","pp_status_selection":"publish","acf":[],"aioseo_notices":[],"_links":{"self":[{"href":"https:\/\/reyns-advocaten.be\/fr\/wp-json\/wp\/v2\/posts\/4344","targetHints":{"allow":["GET"]}}],"collection":[{"href":"https:\/\/reyns-advocaten.be\/fr\/wp-json\/wp\/v2\/posts"}],"about":[{"href":"https:\/\/reyns-advocaten.be\/fr\/wp-json\/wp\/v2\/types\/post"}],"author":[{"embeddable":true,"href":"https:\/\/reyns-advocaten.be\/fr\/wp-json\/wp\/v2\/users\/3"}],"replies":[{"embeddable":true,"href":"https:\/\/reyns-advocaten.be\/fr\/wp-json\/wp\/v2\/comments?post=4344"}],"version-history":[{"count":0,"href":"https:\/\/reyns-advocaten.be\/fr\/wp-json\/wp\/v2\/posts\/4344\/revisions"}],"wp:featuredmedia":[{"embeddable":true,"href":"https:\/\/reyns-advocaten.be\/fr\/wp-json\/wp\/v2\/media\/5106"}],"wp:attachment":[{"href":"https:\/\/reyns-advocaten.be\/fr\/wp-json\/wp\/v2\/media?parent=4344"}],"wp:term":[{"taxonomy":"category","embeddable":true,"href":"https:\/\/reyns-advocaten.be\/fr\/wp-json\/wp\/v2\/categories?post=4344"},{"taxonomy":"post_tag","embeddable":true,"href":"https:\/\/reyns-advocaten.be\/fr\/wp-json\/wp\/v2\/tags?post=4344"}],"curies":[{"name":"wp","href":"https:\/\/api.w.org\/{rel}","templated":true}]}}